{"id":221,"date":"2025-11-03T16:43:10","date_gmt":"2025-11-03T15:43:10","guid":{"rendered":"https:\/\/filosofiadelderecho.umh.es\/?p=221"},"modified":"2025-11-11T09:23:57","modified_gmt":"2025-11-11T08:23:57","slug":"seminario-respuestas-politicas-y-juridicas-a-la-degradacion-de-las-relaciones-humanas-en-la-sociedad-digital","status":"publish","type":"post","link":"https:\/\/filosofiadelderecho.umh.es\/en\/2025\/11\/03\/seminario-respuestas-politicas-y-juridicas-a-la-degradacion-de-las-relaciones-humanas-en-la-sociedad-digital\/","title":{"rendered":"<span lang=\"es\">(Espa\u00f1ol) Seminario: &#8220;Respuestas pol\u00edticas y jur\u00eddicas a la degradaci\u00f3n de las relaciones humanas en la sociedad digital&#8221;<\/span>"},"content":{"rendered":"<p class=\"qtranxs-available-languages-message qtranxs-available-languages-message-en\">Sorry, this entry is only available in <a href=\"https:\/\/filosofiadelderecho.umh.es\/es\/wp-json\/wp\/v2\/posts\/221\" class=\"qtranxs-available-language-link qtranxs-available-language-link-es\" title=\"Espa\u00f1ol\">European Spanish<\/a>.<\/p>","protected":false},"excerpt":{"rendered":"<p>Sorry, this entry is only available in European Spanish.<\/p>\n","protected":false},"author":15866,"featured_media":0,"comment_status":"closed","ping_status":"open","sticky":false,"template":"","format":"standard","meta":{"_links_to":"","_links_to_target":""},"categories":[1],"tags":[],"_links":{"self":[{"href":"https:\/\/filosofiadelderecho.umh.es\/en\/wp-json\/wp\/v2\/posts\/221"}],"collection":[{"href":"https:\/\/filosofiadelderecho.umh.es\/en\/wp-json\/wp\/v2\/posts"}],"about":[{"href":"https:\/\/filosofiadelderecho.umh.es\/en\/wp-json\/wp\/v2\/types\/post"}],"author":[{"embeddable":true,"href":"https:\/\/filosofiadelderecho.umh.es\/en\/wp-json\/wp\/v2\/users\/15866"}],"replies":[{"embeddable":true,"href":"https:\/\/filosofiadelderecho.umh.es\/en\/wp-json\/wp\/v2\/comments?post=221"}],"version-history":[{"count":0,"href":"https:\/\/filosofiadelderecho.umh.es\/en\/wp-json\/wp\/v2\/posts\/221\/revisions"}],"wp:attachment":[{"href":"https:\/\/filosofiadelderecho.umh.es\/en\/wp-json\/wp\/v2\/media?parent=221"}],"wp:term":[{"taxonomy":"category","embeddable":true,"href":"https:\/\/filosofiadelderecho.umh.es\/en\/wp-json\/wp\/v2\/categories?post=221"},{"taxonomy":"post_tag","embeddable":true,"href":"https:\/\/filosofiadelderecho.umh.es\/en\/wp-json\/wp\/v2\/tags?post=221"}],"curies":[{"name":"wp","href":"https:\/\/api.w.org\/{rel}","templated":true}]}}